{"id":24007,"date":"2023-11-30T13:08:29","date_gmt":"2023-11-30T12:08:29","guid":{"rendered":"https:\/\/gamecover.fr\/?p=24007"},"modified":"2023-11-30T13:08:29","modified_gmt":"2023-11-30T12:08:29","slug":"destiny-2-la-saison-du-voeu-est-disponible","status":"publish","type":"post","link":"http:\/\/s886853973.onlinehome.fr\/gcoverv22k25\/2023\/11\/30\/destiny-2-la-saison-du-voeu-est-disponible\/","title":{"rendered":"Destiny 2 : La Saison du V\u0153u est disponible"},"content":{"rendered":"\n<p>Apr\u00e8s avoir annonc\u00e9 le report de la tr\u00e8s attendue extension <a href=\"https:\/\/gamecover.fr\/destiny-2-la-forme-finale-se-devoile-en-video\/\">La Forme Finale<\/a> qui a \u00e9t\u00e9 repouss\u00e9e au <strong>4 juin 2024<\/strong> afin de pouvoir concr\u00e9tiser l&rsquo;ensemble des ambitions du studio, <em>Bungie<\/em> a annonc\u00e9 l&rsquo;arriv\u00e9e mardi de l&rsquo;ultime saison de l&rsquo;ann\u00e9e: la <strong>Saison du Voeu<\/strong>.<\/p>\n\n\n\n<h2 class=\"wp-block-heading\">Ce qui attend les gardiens<\/h2>\n\n\n\n<p>Cette saison est la suite de l&rsquo;histoire de l&rsquo;ann\u00e9e pass\u00e9e, apr\u00e8s la d\u00e9couverte d&rsquo;un \u0153uf cach\u00e9 d&rsquo;Ahamkara, utilis\u00e9 pour passer un march\u00e9 avec le dragon fantastique Riven. La Reine Mara Sov esp\u00e8re l&rsquo;utiliser \u00e0 son avantage en ouvrant un passage dans le Voyageur afin d&rsquo;acc\u00e9der au T\u00e9moin et lui faire face. La saison du voeu contient de nouvelles missions d&rsquo;histoire hebdomadaires, une nouvelle activit\u00e9 nomm\u00e9e l&rsquo;Antre de Riven, le lancement de la nouvelle fonctionnalit\u00e9 de Bungie, la Recherche d&rsquo;escouade, mais \u00e9galement le retour de <em>La Citadelle<\/em> <em>dans l&rsquo;\u00c9preuve<\/em>, un tout nouveau donjon et plus encore.<\/p>\n\n\n<div class=\"wp-block-image\">\n<figure class=\"aligncenter size-large\"><img decoding=\"async\" src=\"https:\/\/gamecover.fr\/wp-content\/uploads\/unnamed1-74-1024x576.jpg\" alt=\"\" class=\"wp-image-24011\"\/><\/figure>\n<\/div>\n\n\n<p><\/p>\n\n\n\n<h2 class=\"wp-block-heading\">Un nouveau partenariat arrive dans Destiny\u00a02<\/h2>\n\n\n\n<p>En collaboration avec <strong>CD PROJEKT RED<\/strong>, le Loup Blanc d\u00e9barque dans cette saison de <em>Destiny\u00a02<\/em>. Les Gardiens pourront enfiler leur tenue de chasseur de monstres avec de nouveaux ornements d&rsquo;armure sur le th\u00e8me du c\u00e9l\u00e8bre <strong>Geralt de Riv<\/strong>. Cette collaboration donne naissance \u00e0 de nouveaux ornements d&rsquo;armure pour chaque classe, ainsi qu&rsquo;\u00e0 d&rsquo;autres nouveaut\u00e9s comme un Spectre, un vaisseau, un Passereau, une interaction et un coup de gr\u00e2ce.<\/p>\n\n\n\n<h2 class=\"wp-block-heading\">Quel contenu \u00e0 l&rsquo;issue de la saison?<\/h2>\n\n\n\n<p>Pendant la seconde moiti\u00e9 de la Saison du V\u0153u, <strong>Bungie pr\u00e9voit de sortir deux mois de contenu sous le nom de <em>Destiny\u00a02\u00a0: Dans la Lumi\u00e8re<\/em><\/strong><em>.<\/em> Ce contenu sera disponible pour tous les joueurs et pr\u00e9parera les Gardiens \u00e0 leur aventure au c\u0153ur du Voyageur.<\/p>\n\n\n\n<p>De quoi s&rsquo;occuper jusqu&rsquo;\u00e0 la sortie de l&rsquo;\u00e9pilogue l&rsquo;an prochain pour le plus grand plaisir des gardiens.<\/p>\n\n\n\n<figure class=\"wp-block-embed is-type-video is-provider-youtube wp-block-embed-youtube wp-embed-aspect-16-9 wp-has-aspect-ratio\"><div class=\"wp-block-embed__wrapper\">\n<div class=\"video-container\"><iframe loading=\"lazy\" title=\"Destiny 2 : Saison du V\u0153u | Bande-annonce de lancement [FR]\" width=\"720\" height=\"405\" src=\"https:\/\/www.youtube.com\/embed\/8mgkMAhZLzA?feature=oembed\" frameborder=\"0\" allow=\"accelerometer; autoplay; clipboard-write; encrypted-media; gyroscope; picture-in-picture; web-share\" referrerpolicy=\"strict-origin-when-cross-origin\" allowfullscreen><\/iframe><\/div>\n<\/div><\/figure>\n","protected":false},"excerpt":{"rendered":"<p>La fin est proche!<\/p>\n","protected":false},"author":1,"featured_media":24008,"comment_status":"open","ping_status":"open","sticky":false,"template":"","format":"standard","meta":{"_shortscore_rating":"","_shortscore_game":"","_shortscore_summary":"","_jetpack_memberships_contains_paid_content":false,"footnotes":""},"categories":[163,7,39,11,40],"tags":[579,192,1762,194,8,1833,43,13,14,195,17,108,85],"class_list":["post-24007","post","type-post","status-publish","format-standard","has-post-thumbnail","hentry","category-consoles","category-news","category-pc","category-playstation","category-xbox","tag-579","tag-destiny-2","tag-la-forme-finale","tag-mmofps","tag-news","tag-nouvelle-saison","tag-pc","tag-ps4","tag-ps5","tag-saison-du-voeu","tag-trailer","tag-xbox-one","tag-xbox-series"],"yoast_head":"<!-- This site is optimized with the Yoast SEO plugin v24.2 - https:\/\/yoast.com\/wordpress\/plugins\/seo\/ -->\n<title>Destiny 2 : La Saison du V\u0153u est disponible -<\/title>\n<meta name=\"description\" content=\"Bungiea annonc\u00e9 la sortie de la Saison du V\u0153u, derni\u00e8re saison de Destiny 2 avant la sortie de l&#039;extension La Forme Finale en 2024.\" \/>\n<meta name=\"robots\" content=\"index, follow, max-snippet:-1, max-image-preview:large, max-video-preview:-1\" \/>\n<link rel=\"canonical\" href=\"http:\/\/s886853973.onlinehome.fr\/gcoverv22k25\/2023\/11\/30\/destiny-2-la-saison-du-voeu-est-disponible\/\" \/>\n<meta property=\"og:locale\" content=\"fr_FR\" \/>\n<meta property=\"og:type\" content=\"article\" \/>\n<meta property=\"og:title\" content=\"Destiny 2 : La Saison du V\u0153u est disponible -\" \/>\n<meta property=\"og:description\" content=\"Bungiea annonc\u00e9 la sortie de la Saison du V\u0153u, derni\u00e8re saison de Destiny 2 avant la sortie de l&#039;extension La Forme Finale en 2024.\" \/>\n<meta property=\"og:url\" content=\"http:\/\/s886853973.onlinehome.fr\/gcoverv22k25\/2023\/11\/30\/destiny-2-la-saison-du-voeu-est-disponible\/\" \/>\n<meta property=\"article:published_time\" content=\"2023-11-30T12:08:29+00:00\" \/>\n<meta name=\"author\" content=\"HerrKamper\" \/>\n<meta name=\"twitter:card\" content=\"summary_large_image\" \/>\n<meta name=\"twitter:label1\" content=\"\u00c9crit par\" \/>\n\t<meta name=\"twitter:data1\" content=\"HerrKamper\" \/>\n\t<meta name=\"twitter:label2\" content=\"Dur\u00e9e de lecture estim\u00e9e\" \/>\n\t<meta name=\"twitter:data2\" content=\"2 minutes\" \/>\n<script type=\"application\/ld+json\" class=\"yoast-schema-graph\">{\"@context\":\"https:\/\/schema.org\",\"@graph\":[{\"@type\":\"WebPage\",\"@id\":\"http:\/\/s886853973.onlinehome.fr\/gcoverv22k25\/2023\/11\/30\/destiny-2-la-saison-du-voeu-est-disponible\/\",\"url\":\"http:\/\/s886853973.onlinehome.fr\/gcoverv22k25\/2023\/11\/30\/destiny-2-la-saison-du-voeu-est-disponible\/\",\"name\":\"Destiny 2 : La Saison du V\u0153u est disponible -\",\"isPartOf\":{\"@id\":\"http:\/\/s886853973.onlinehome.fr\/gcoverv22k25\/#website\"},\"primaryImageOfPage\":{\"@id\":\"http:\/\/s886853973.onlinehome.fr\/gcoverv22k25\/2023\/11\/30\/destiny-2-la-saison-du-voeu-est-disponible\/#primaryimage\"},\"image\":{\"@id\":\"http:\/\/s886853973.onlinehome.fr\/gcoverv22k25\/2023\/11\/30\/destiny-2-la-saison-du-voeu-est-disponible\/#primaryimage\"},\"thumbnailUrl\":\"\",\"datePublished\":\"2023-11-30T12:08:29+00:00\",\"dateModified\":\"2023-11-30T12:08:29+00:00\",\"author\":{\"@id\":\"http:\/\/s886853973.onlinehome.fr\/gcoverv22k25\/#\/schema\/person\/41089e6ad8c43398c61e53f4e8f00db6\"},\"description\":\"Bungiea annonc\u00e9 la sortie de la Saison du V\u0153u, derni\u00e8re saison de Destiny 2 avant la sortie de l'extension La Forme Finale en 2024.\",\"breadcrumb\":{\"@id\":\"http:\/\/s886853973.onlinehome.fr\/gcoverv22k25\/2023\/11\/30\/destiny-2-la-saison-du-voeu-est-disponible\/#breadcrumb\"},\"inLanguage\":\"fr-FR\",\"potentialAction\":[{\"@type\":\"ReadAction\",\"target\":[\"http:\/\/s886853973.onlinehome.fr\/gcoverv22k25\/2023\/11\/30\/destiny-2-la-saison-du-voeu-est-disponible\/\"]}]},{\"@type\":\"ImageObject\",\"inLanguage\":\"fr-FR\",\"@id\":\"http:\/\/s886853973.onlinehome.fr\/gcoverv22k25\/2023\/11\/30\/destiny-2-la-saison-du-voeu-est-disponible\/#primaryimage\",\"url\":\"\",\"contentUrl\":\"\"},{\"@type\":\"BreadcrumbList\",\"@id\":\"http:\/\/s886853973.onlinehome.fr\/gcoverv22k25\/2023\/11\/30\/destiny-2-la-saison-du-voeu-est-disponible\/#breadcrumb\",\"itemListElement\":[{\"@type\":\"ListItem\",\"position\":1,\"name\":\"Accueil\",\"item\":\"http:\/\/s886853973.onlinehome.fr\/gcoverv22k25\/\"},{\"@type\":\"ListItem\",\"position\":2,\"name\":\"Destiny 2 : La Saison du V\u0153u est disponible\"}]},{\"@type\":\"WebSite\",\"@id\":\"http:\/\/s886853973.onlinehome.fr\/gcoverv22k25\/#website\",\"url\":\"http:\/\/s886853973.onlinehome.fr\/gcoverv22k25\/\",\"name\":\"\",\"description\":\"\",\"potentialAction\":[{\"@type\":\"SearchAction\",\"target\":{\"@type\":\"EntryPoint\",\"urlTemplate\":\"http:\/\/s886853973.onlinehome.fr\/gcoverv22k25\/?s={search_term_string}\"},\"query-input\":{\"@type\":\"PropertyValueSpecification\",\"valueRequired\":true,\"valueName\":\"search_term_string\"}}],\"inLanguage\":\"fr-FR\"},{\"@type\":\"Person\",\"@id\":\"http:\/\/s886853973.onlinehome.fr\/gcoverv22k25\/#\/schema\/person\/41089e6ad8c43398c61e53f4e8f00db6\",\"name\":\"HerrKamper\",\"image\":{\"@type\":\"ImageObject\",\"inLanguage\":\"fr-FR\",\"@id\":\"http:\/\/s886853973.onlinehome.fr\/gcoverv22k25\/#\/schema\/person\/image\/\",\"url\":\"https:\/\/secure.gravatar.com\/avatar\/2ffccbda1f5df6d387cf67fd4e9d1a1856fc0dcf7f7f4f1dbe34b93fd01db840?s=96&d=mm&r=g\",\"contentUrl\":\"https:\/\/secure.gravatar.com\/avatar\/2ffccbda1f5df6d387cf67fd4e9d1a1856fc0dcf7f7f4f1dbe34b93fd01db840?s=96&d=mm&r=g\",\"caption\":\"HerrKamper\"},\"sameAs\":[\"http:\/\/s886853973.onlinehome.fr\/gcoverv22k25\"],\"url\":\"http:\/\/s886853973.onlinehome.fr\/gcoverv22k25\/author\/herrkamper\/\"}]}<\/script>\n<!-- \/ Yoast SEO plugin. -->","yoast_head_json":{"title":"Destiny 2 : La Saison du V\u0153u est disponible -","description":"Bungiea annonc\u00e9 la sortie de la Saison du V\u0153u, derni\u00e8re saison de Destiny 2 avant la sortie de l'extension La Forme Finale en 2024.","robots":{"index":"index","follow":"follow","max-snippet":"max-snippet:-1","max-image-preview":"max-image-preview:large","max-video-preview":"max-video-preview:-1"},"canonical":"http:\/\/s886853973.onlinehome.fr\/gcoverv22k25\/2023\/11\/30\/destiny-2-la-saison-du-voeu-est-disponible\/","og_locale":"fr_FR","og_type":"article","og_title":"Destiny 2 : La Saison du V\u0153u est disponible -","og_description":"Bungiea annonc\u00e9 la sortie de la Saison du V\u0153u, derni\u00e8re saison de Destiny 2 avant la sortie de l'extension La Forme Finale en 2024.","og_url":"http:\/\/s886853973.onlinehome.fr\/gcoverv22k25\/2023\/11\/30\/destiny-2-la-saison-du-voeu-est-disponible\/","article_published_time":"2023-11-30T12:08:29+00:00","author":"HerrKamper","twitter_card":"summary_large_image","twitter_misc":{"\u00c9crit par":"HerrKamper","Dur\u00e9e de lecture estim\u00e9e":"2 minutes"},"schema":{"@context":"https:\/\/schema.org","@graph":[{"@type":"WebPage","@id":"http:\/\/s886853973.onlinehome.fr\/gcoverv22k25\/2023\/11\/30\/destiny-2-la-saison-du-voeu-est-disponible\/","url":"http:\/\/s886853973.onlinehome.fr\/gcoverv22k25\/2023\/11\/30\/destiny-2-la-saison-du-voeu-est-disponible\/","name":"Destiny 2 : La Saison du V\u0153u est disponible -","isPartOf":{"@id":"http:\/\/s886853973.onlinehome.fr\/gcoverv22k25\/#website"},"primaryImageOfPage":{"@id":"http:\/\/s886853973.onlinehome.fr\/gcoverv22k25\/2023\/11\/30\/destiny-2-la-saison-du-voeu-est-disponible\/#primaryimage"},"image":{"@id":"http:\/\/s886853973.onlinehome.fr\/gcoverv22k25\/2023\/11\/30\/destiny-2-la-saison-du-voeu-est-disponible\/#primaryimage"},"thumbnailUrl":"","datePublished":"2023-11-30T12:08:29+00:00","dateModified":"2023-11-30T12:08:29+00:00","author":{"@id":"http:\/\/s886853973.onlinehome.fr\/gcoverv22k25\/#\/schema\/person\/41089e6ad8c43398c61e53f4e8f00db6"},"description":"Bungiea annonc\u00e9 la sortie de la Saison du V\u0153u, derni\u00e8re saison de Destiny 2 avant la sortie de l'extension La Forme Finale en 2024.","breadcrumb":{"@id":"http:\/\/s886853973.onlinehome.fr\/gcoverv22k25\/2023\/11\/30\/destiny-2-la-saison-du-voeu-est-disponible\/#breadcrumb"},"inLanguage":"fr-FR","potentialAction":[{"@type":"ReadAction","target":["http:\/\/s886853973.onlinehome.fr\/gcoverv22k25\/2023\/11\/30\/destiny-2-la-saison-du-voeu-est-disponible\/"]}]},{"@type":"ImageObject","inLanguage":"fr-FR","@id":"http:\/\/s886853973.onlinehome.fr\/gcoverv22k25\/2023\/11\/30\/destiny-2-la-saison-du-voeu-est-disponible\/#primaryimage","url":"","contentUrl":""},{"@type":"BreadcrumbList","@id":"http:\/\/s886853973.onlinehome.fr\/gcoverv22k25\/2023\/11\/30\/destiny-2-la-saison-du-voeu-est-disponible\/#breadcrumb","itemListElement":[{"@type":"ListItem","position":1,"name":"Accueil","item":"http:\/\/s886853973.onlinehome.fr\/gcoverv22k25\/"},{"@type":"ListItem","position":2,"name":"Destiny 2 : La Saison du V\u0153u est disponible"}]},{"@type":"WebSite","@id":"http:\/\/s886853973.onlinehome.fr\/gcoverv22k25\/#website","url":"http:\/\/s886853973.onlinehome.fr\/gcoverv22k25\/","name":"","description":"","potentialAction":[{"@type":"SearchAction","target":{"@type":"EntryPoint","urlTemplate":"http:\/\/s886853973.onlinehome.fr\/gcoverv22k25\/?s={search_term_string}"},"query-input":{"@type":"PropertyValueSpecification","valueRequired":true,"valueName":"search_term_string"}}],"inLanguage":"fr-FR"},{"@type":"Person","@id":"http:\/\/s886853973.onlinehome.fr\/gcoverv22k25\/#\/schema\/person\/41089e6ad8c43398c61e53f4e8f00db6","name":"HerrKamper","image":{"@type":"ImageObject","inLanguage":"fr-FR","@id":"http:\/\/s886853973.onlinehome.fr\/gcoverv22k25\/#\/schema\/person\/image\/","url":"https:\/\/secure.gravatar.com\/avatar\/2ffccbda1f5df6d387cf67fd4e9d1a1856fc0dcf7f7f4f1dbe34b93fd01db840?s=96&d=mm&r=g","contentUrl":"https:\/\/secure.gravatar.com\/avatar\/2ffccbda1f5df6d387cf67fd4e9d1a1856fc0dcf7f7f4f1dbe34b93fd01db840?s=96&d=mm&r=g","caption":"HerrKamper"},"sameAs":["http:\/\/s886853973.onlinehome.fr\/gcoverv22k25"],"url":"http:\/\/s886853973.onlinehome.fr\/gcoverv22k25\/author\/herrkamper\/"}]}},"jetpack_sharing_enabled":true,"jetpack_featured_media_url":"","_links":{"self":[{"href":"http:\/\/s886853973.onlinehome.fr\/gcoverv22k25\/wp-json\/wp\/v2\/posts\/24007","targetHints":{"allow":["GET"]}}],"collection":[{"href":"http:\/\/s886853973.onlinehome.fr\/gcoverv22k25\/wp-json\/wp\/v2\/posts"}],"about":[{"href":"http:\/\/s886853973.onlinehome.fr\/gcoverv22k25\/wp-json\/wp\/v2\/types\/post"}],"author":[{"embeddable":true,"href":"http:\/\/s886853973.onlinehome.fr\/gcoverv22k25\/wp-json\/wp\/v2\/users\/1"}],"replies":[{"embeddable":true,"href":"http:\/\/s886853973.onlinehome.fr\/gcoverv22k25\/wp-json\/wp\/v2\/comments?post=24007"}],"version-history":[{"count":0,"href":"http:\/\/s886853973.onlinehome.fr\/gcoverv22k25\/wp-json\/wp\/v2\/posts\/24007\/revisions"}],"wp:featuredmedia":[{"embeddable":true,"href":"http:\/\/s886853973.onlinehome.fr\/gcoverv22k25\/wp-json\/"}],"wp:attachment":[{"href":"http:\/\/s886853973.onlinehome.fr\/gcoverv22k25\/wp-json\/wp\/v2\/media?parent=24007"}],"wp:term":[{"taxonomy":"category","embeddable":true,"href":"http:\/\/s886853973.onlinehome.fr\/gcoverv22k25\/wp-json\/wp\/v2\/categories?post=24007"},{"taxonomy":"post_tag","embeddable":true,"href":"http:\/\/s886853973.onlinehome.fr\/gcoverv22k25\/wp-json\/wp\/v2\/tags?post=24007"}],"curies":[{"name":"wp","href":"https:\/\/api.w.org\/{rel}","templated":true}]}}